{"id":4181,"date":"2024-04-21T06:33:42","date_gmt":"2024-04-21T06:33:42","guid":{"rendered":"https:\/\/mdrhc.gov.tl\/tl\/?p=4181"},"modified":"2024-05-07T06:36:59","modified_gmt":"2024-05-07T06:36:59","slug":"%f0%9d%90%8f%f0%9d%90%8c-%f0%9d%90%88%f0%9d%90%a7%f0%9d%90%ad%f0%9d%90%9e%f0%9d%90%ab%f0%9d%90%a2%f0%9d%90%a7%f0%9d%90%ae-%f0%9d%90%a1%f0%9d%90%a8-%f0%9d%90%83%f0%9d%90%a8%f0%9d%90%a6-%f0%9d%90%95","status":"publish","type":"post","link":"https:\/\/mdrhc.gov.tl\/en\/2024\/04\/21\/%f0%9d%90%8f%f0%9d%90%8c-%f0%9d%90%88%f0%9d%90%a7%f0%9d%90%ad%f0%9d%90%9e%f0%9d%90%ab%f0%9d%90%a2%f0%9d%90%a7%f0%9d%90%ae-%f0%9d%90%a1%f0%9d%90%a8-%f0%9d%90%83%f0%9d%90%a8%f0%9d%90%a6-%f0%9d%90%95\/","title":{"rendered":"\ud835\udc08\ud835\udc27\ud835\udc2d\ud835\udc1e\ud835\udc2b\ud835\udc22\ud835\udc26 \ud835\udc0f\ud835\udc2b\ud835\udc22\ud835\udc26\ud835\udc1e \ud835\udc0c\ud835\udc22\ud835\udc27\ud835\udc22\ud835\udc2c\ud835\udc2d\ud835\udc1e\ud835\udc2b \ud835\udc1a\ud835\udc27\ud835\udc1d \ud835\udc03\ud835\udc28\ud835\udc26 \ud835\udc15\ud835\udc22\ud835\udc2b\ud835\udc20\ud835\udc22\ud835\udc25\ud835\udc22\ud835\udc28 \ud835\udc02\ud835\udc1a\ud835\udc2b\ud835\udc1d\ud835\udc1e\ud835\udc1a\ud835\udc25 \ud835\udc1d\ud835\udc28 \ud835\udc02\ud835\udc1a\ud835\udc2b\ud835\udc26\ud835\udc28 \ud835\udc1d\ud835\udc1a \ud835\udc12\ud835\udc22\ud835\udc25\ud835\udc2f\ud835\udc1a, \ud835\udc22\ud835\udc27\ud835\udc1a\ud835\udc2e\ud835\udc20\ud835\udc2e\ud835\udc2b\ud835\udc1a\ud835\udc2d\ud835\udc1e\ud835\udc1d \ud835\udc2d\ud835\udc21\ud835\udc1e \ud835\udc0d\ud835\udc28\ud835\udc2c\ud835\udc2c\ud835\udc1a \ud835\udc12\ud835\udc1e\ud835\udc27\ud835\udc21\ud835\udc28\ud835\udc2b\ud835\udc1a \ud835\udc1d\ud835\udc28 \ud835\udc11\ud835\udc28\ud835\udc2c\ud835\udc1a\ud835\udc2b\ud835\udc22\ud835\udc28 \ud835\udc1d\ud835\udc1e \ud835\udc05\ud835\udc1a\ud835\udc2d\ud835\udc22\ud835\udc26\ud835\udc1a \ud835\udc1c\ud835\udc21\ud835\udc1a\ud835\udc29\ud835\udc1e\ud835\udc25 \ud835\udc22\ud835\udc27  \ud835\udc01\ud835\udc1a\ud835\udc22\ud835\udc2b\ud835\udc28-\ud835\udc0f\ud835\udc22\ud835\udc2d\ud835\udc1e."},"content":{"rendered":"<div class=\"x11i5rnm xat24cr x1mh8g0r x1vvkbs xtlvy1s x126k92a\">\n<div dir=\"auto\">\ud835\udc03\ud835\udc22\ud835\udc25\ud835\udc22,\ud835\udfd0\ud835\udfcf\/\ud835\udfce\ud835\udfd2\/\ud835\udfd0\ud835\udfce\ud835\udfd0\ud835\udfd2: The Deputy Prime Minister, Coordinating Minister for Social Affairs, Minister of Rural Development and Community Housing Eng. Mariano ASSANAMI Sabino, as Interim Prime Minister, together with Dom Virg\u00edlio Cardeal do Carmo da Silva , inaugurated the Nossa Senhora do Ros\u00e1rio de F\u00e1tima Chapel, in Bairru-Pit\u00e9 D\u00edli, on April 21st.<\/div>\n<\/div>\n<div class=\"x11i5rnm xat24cr x1mh8g0r x1vvkbs xtlvy1s x126k92a\">\n<div dir=\"auto\">At the inauguration ceremony, the Interim Prime Minister, Eng\u00ba Mariano ASSANAMI Sabino, on behalf of the Executive Chief, Maun Boot Kay Rala Xanana Gusm\u00e3o, congratulated the Christians, priests and nuns who worked together with great effort to build this chapel from the beginning to its conclusion.<\/div>\n<\/div>\n<div class=\"x11i5rnm xat24cr x1mh8g0r x1vvkbs xtlvy1s x126k92a\">\n<div dir=\"auto\">The State of Timor-Leste continues to recognize the contribution of the Catholic Church in the past and present, based on the constitutional agreement with the Holy See on August 14, 2015. Therefore, the Government annually grants a public subsidy to the Timorese Episcopal Conference (CET ), to be allocated to the three dioceses there\u2019s Baucau, Dili and Maliana, to finance social and educational activities and the Government&#8217;s ecclesiastical services.<\/div>\n<\/div>\n<div class=\"x11i5rnm xat24cr x1mh8g0r x1vvkbs xtlvy1s x126k92a\">\n<div dir=\"auto\">&#8220;We have the Civil Society Support Office that continues to provide continuous support to build small chapels throughout the territory, always in coordination with the Bishops&#8221;, said the Deputy Prime Minister, in his capacity as Interim Prime Minister.<\/div>\n<\/div>\n<div class=\"x11i5rnm xat24cr x1mh8g0r x1vvkbs xtlvy1s x126k92a\">\n<div dir=\"auto\">The State considers that the Catholic religion is not just a belief, but it is an identity for Timor-Leste, so the Prime Minister asked all Christians, especially young people, to use the chapel not only for prayer, but also as a meeting place for conversations, music, religious education and other youth-related activities.<\/div>\n<\/div>\n<div class=\"x11i5rnm xat24cr x1mh8g0r x1vvkbs xtlvy1s x126k92a\">\n<div dir=\"auto\">Representatives of the GASC, Christian leaders from Bairro -Pit\u00e9, Priests, nuns, Civil entities, Military personnel and the general population also participated in the ceremony.<\/div>\n<\/div>\n<div class=\"x11i5rnm xat24cr x1mh8g0r x1vvkbs xtlvy1s x126k92a\">\n<div dir=\"auto\">\ud835\udc0c\ud835\udc1e\ud835\udc1d\ud835\udc22\ud835\udc1a \ud835\udc15\ud835\udc0f\ud835\udc0c-\ud835\udc0c\ud835\udc02\ud835\udc00\ud835\udc12-\ud835\udc0c\ud835\udc03\ud835\udc11\ud835\udc07\ud835\udc02<\/div>\n<\/div>\n","protected":false},"excerpt":{"rendered":"<p>\ud835\udc03\ud835\udc22\ud835\udc25\ud835\udc22,\ud835\udfd0\ud835\udfcf\/\ud835\udfce\ud835\udfd2\/\ud835\udfd0\ud835\udfce\ud835\udfd0\ud835\udfd2: The Deputy Prime Minister, Coordinating Minister for Social Affairs, Minister of Rural Development and Community Housing Eng. Mariano ASSANAMI Sabino, as Interim Prime Minister, together with Dom Virg\u00edlio Cardeal do Carmo da Silva , inaugurated the Nossa Senhora do Ros\u00e1rio de F\u00e1tima Chapel, in Bairru-Pit\u00e9 D\u00edli, on April 21st. At the inauguration ceremony, the [&hellip;]<\/p>\n","protected":false},"author":1,"featured_media":4182,"comment_status":"open","ping_status":"open","sticky":false,"template":"","format":"standard","meta":{"_FSMCFIC_featured_image_caption":"","_FSMCFIC_featured_image_nocaption":"","_FSMCFIC_featured_image_hide":"","footnotes":""},"categories":[84],"tags":[],"class_list":["post-4181","post","type-post","status-publish","format-standard","has-post-thumbnail","hentry","category-bs-pm-interior"],"_links":{"self":[{"href":"https:\/\/mdrhc.gov.tl\/en\/wp-json\/wp\/v2\/posts\/4181","targetHints":{"allow":["GET"]}}],"collection":[{"href":"https:\/\/mdrhc.gov.tl\/en\/wp-json\/wp\/v2\/posts"}],"about":[{"href":"https:\/\/mdrhc.gov.tl\/en\/wp-json\/wp\/v2\/types\/post"}],"author":[{"embeddable":true,"href":"https:\/\/mdrhc.gov.tl\/en\/wp-json\/wp\/v2\/users\/1"}],"replies":[{"embeddable":true,"href":"https:\/\/mdrhc.gov.tl\/en\/wp-json\/wp\/v2\/comments?post=4181"}],"version-history":[{"count":4,"href":"https:\/\/mdrhc.gov.tl\/en\/wp-json\/wp\/v2\/posts\/4181\/revisions"}],"predecessor-version":[{"id":4188,"href":"https:\/\/mdrhc.gov.tl\/en\/wp-json\/wp\/v2\/posts\/4181\/revisions\/4188"}],"wp:featuredmedia":[{"embeddable":true,"href":"https:\/\/mdrhc.gov.tl\/en\/wp-json\/wp\/v2\/media\/4182"}],"wp:attachment":[{"href":"https:\/\/mdrhc.gov.tl\/en\/wp-json\/wp\/v2\/media?parent=4181"}],"wp:term":[{"taxonomy":"category","embeddable":true,"href":"https:\/\/mdrhc.gov.tl\/en\/wp-json\/wp\/v2\/categories?post=4181"},{"taxonomy":"post_tag","embeddable":true,"href":"https:\/\/mdrhc.gov.tl\/en\/wp-json\/wp\/v2\/tags?post=4181"}],"curies":[{"name":"wp","href":"https:\/\/api.w.org\/{rel}","templated":true}]}}