{"id":961,"date":"2023-08-08T07:04:53","date_gmt":"2023-08-08T07:04:53","guid":{"rendered":"http:\/\/localhost\/mdrhc\/?p=961"},"modified":"2024-03-21T01:31:14","modified_gmt":"2024-03-21T01:31:14","slug":"vise-primeiru-ministru-simu-vizita-husi-embaixador-malazia","status":"publish","type":"post","link":"https:\/\/mdrhc.gov.tl\/en\/2023\/08\/08\/vise-primeiru-ministru-simu-vizita-husi-embaixador-malazia\/","title":{"rendered":"Vise-Primeiru Ministru Simu Vizita Husi Embaixad\u00f3r Mal\u00e1zia"},"content":{"rendered":"<p style=\"text-align: justify;\"><strong>Dili, 08\/08: <\/strong>Vice-Primeiro Ministro, Ministro Coordenador dos Assuntos Social e Ministro de Desenvolvimento Rural e Habita\u00e7\u00e3o Comunit\u00e1ria, Eng. Mariano Assanami Sabino, simu vizita kortejia husi Embaixad\u00f3r Mal\u00e1zia iha Timor-Leste Mr. Amarijit Sarijit Sing, iha Palasiu Governu.<\/p>\n<p style=\"text-align: justify;\">Vise-Primeiru Ministru, Mariano Assanami Sabino informa, objetivu enkontru ho Embaixad\u00f3r Mal\u00e1zia mai fahe esperiensia kona-ba modelu dezenvolvimentu rural ne\u2019eb\u00e9 implementa iha sira nia rain.<\/p>\n<p style=\"text-align: justify;\">&#8220;Sira mai fahe esperiensia ne&#8217;eb\u00e9 mak sira iha mai ita, agora ita nian s\u00e1 modelu dezenvolvimentu rural mak ita sei implementa, entaun ita presiza rona sira hotu-hotu,\u201d dehan Vise Primeiru-Ministru.<\/p>\n<p style=\"text-align: justify;\">Depois de tinan 20 ukun aan kada periodu tinan lima-lima governu tun no ida seluk sa\u2019e fali, tanba ne\u2019e apresia ba IX governu ne\u2019eb\u00e9 hari Minist\u00e9riu Dezenvolvimentu Rural no Habitasaun Komunitaria atu bele foku servisu iha \u00e1rea rural ne\u2019eba.<\/p>\n<p style=\"text-align: justify;\">Politika IX Governu tau povu nu&#8217;udar sentru ba dezenvolvimentu, entaun ema hotu tenke halo buat importante ba ema iha rurais. Tanba ne&#8217;e presiza koordena ho minist\u00e9riu seluk ne&#8217;eb\u00e9 halo atividade iha ne\u2019eba,<\/p>\n<p style=\"text-align: justify;\">Iha fatin hanesan Embaixad\u00f3r Mal\u00e1zia, Amarijit Sarijit Sing hatete,\u00a0 ohin mai hasoru malu ho Vise Primeiru-Ministru hodi hato&#8217;o modelu Dezenvolvimentu Rural iha Mal\u00e1zia, oins\u00e1 Timor-Leste m\u00f3s bale halo ninia Dezenvolvimentu Rural tuir esperi\u00e9nsia ne&#8217;eb\u00e9 iha.<\/p>\n<p style=\"text-align: justify;\">&#8220;Ha&#8217;u mai fahe esperi\u00e9nsia ba Vise Primeiru-Ministru hanesan Ministru Dezenvolvimentu Rural ne&#8217;e referensia ida atu bele haree iha futuru, tanba maioria povu Timor-Leste moris iha rurais,&#8221; \u00a0dehan nia.<\/p>\n<p style=\"text-align: justify;\">Problema sosi\u00e1l ne&#8217;e iha liu area rural sira duke kapit\u00e1l, entaun Timor-Leste iha ona nia minist\u00e9riu ida ne&#8217;eb\u00e9 haree ba rural ne&#8217;e di&#8217;ak tebes, hodi bele haree liu ba dezenvolvimentu iha baze.<\/p>\n<p style=\"text-align: justify;\">\n","protected":false},"excerpt":{"rendered":"<p>Dili, 08\/08: Vice-Primeiro Ministro, Ministro Coordenador dos Assuntos Social e Ministro de Desenvolvimento Rural e Habita\u00e7\u00e3o Comunit\u00e1ria, Eng. Mariano Assanami Sabino, simu vizita kortejia husi Embaixad\u00f3r Mal\u00e1zia iha Timor-Leste Mr. Amarijit Sarijit Sing, iha Palasiu Governu. Vise-Primeiru Ministru, Mariano Assanami Sabino informa, objetivu enkontru ho Embaixad\u00f3r Mal\u00e1zia mai fahe esperiensia kona-ba modelu dezenvolvimentu rural ne\u2019eb\u00e9 [&hellip;]<\/p>\n","protected":false},"author":1,"featured_media":962,"comment_status":"open","ping_status":"open","sticky":false,"template":"","format":"standard","meta":{"_FSMCFIC_featured_image_caption":"","_FSMCFIC_featured_image_nocaption":"","_FSMCFIC_featured_image_hide":"","footnotes":""},"categories":[97],"tags":[],"class_list":["post-961","post","type-post","status-publish","format-standard","has-post-thumbnail","hentry","category-bs-vpm-ii"],"_links":{"self":[{"href":"https:\/\/mdrhc.gov.tl\/en\/wp-json\/wp\/v2\/posts\/961","targetHints":{"allow":["GET"]}}],"collection":[{"href":"https:\/\/mdrhc.gov.tl\/en\/wp-json\/wp\/v2\/posts"}],"about":[{"href":"https:\/\/mdrhc.gov.tl\/en\/wp-json\/wp\/v2\/types\/post"}],"author":[{"embeddable":true,"href":"https:\/\/mdrhc.gov.tl\/en\/wp-json\/wp\/v2\/users\/1"}],"replies":[{"embeddable":true,"href":"https:\/\/mdrhc.gov.tl\/en\/wp-json\/wp\/v2\/comments?post=961"}],"version-history":[{"count":1,"href":"https:\/\/mdrhc.gov.tl\/en\/wp-json\/wp\/v2\/posts\/961\/revisions"}],"predecessor-version":[{"id":3874,"href":"https:\/\/mdrhc.gov.tl\/en\/wp-json\/wp\/v2\/posts\/961\/revisions\/3874"}],"wp:featuredmedia":[{"embeddable":true,"href":"https:\/\/mdrhc.gov.tl\/en\/wp-json\/wp\/v2\/media\/962"}],"wp:attachment":[{"href":"https:\/\/mdrhc.gov.tl\/en\/wp-json\/wp\/v2\/media?parent=961"}],"wp:term":[{"taxonomy":"category","embeddable":true,"href":"https:\/\/mdrhc.gov.tl\/en\/wp-json\/wp\/v2\/categories?post=961"},{"taxonomy":"post_tag","embeddable":true,"href":"https:\/\/mdrhc.gov.tl\/en\/wp-json\/wp\/v2\/tags?post=961"}],"curies":[{"name":"wp","href":"https:\/\/api.w.org\/{rel}","templated":true}]}}