{"id":4205,"date":"2024-04-16T07:03:57","date_gmt":"2024-04-16T07:03:57","guid":{"rendered":"https:\/\/mdrhc.gov.tl\/tl\/?p=4205"},"modified":"2024-05-07T07:10:49","modified_gmt":"2024-05-07T07:10:49","slug":"%f0%9d%90%95%f0%9d%90%a2%f0%9d%90%ac%f0%9d%90%9e-%f0%9d%90%8f%f0%9d%90%ab%f0%9d%90%a2%f0%9d%90%a6%f0%9d%90%9e%f0%9d%90%a2%f0%9d%90%ab%f0%9d%90%ae-%f0%9d%90%8c%f0%9d%90%a2%f0%9d%90%a7%f0%9d%90%a2-48","status":"publish","type":"post","link":"https:\/\/mdrhc.gov.tl\/pt\/2024\/04\/16\/%f0%9d%90%95%f0%9d%90%a2%f0%9d%90%ac%f0%9d%90%9e-%f0%9d%90%8f%f0%9d%90%ab%f0%9d%90%a2%f0%9d%90%a6%f0%9d%90%9e%f0%9d%90%a2%f0%9d%90%ab%f0%9d%90%ae-%f0%9d%90%8c%f0%9d%90%a2%f0%9d%90%a7%f0%9d%90%a2-48\/","title":{"rendered":"O Vice-Primeiro-Ministro e \ud835\udc0e\ud835\udc0d\ud835\udc06 \ud835\udc01\ud835\udc04\ud835\udc0b\ud835\udc14\ud835\udc0d \ud835\udc25\ud835\udc1a\ud835\udc27\ud835\udc1c\u0327\ud835\udc1a \ud835\udc2b\ud835\udc1e\ud835\udc25\ud835\udc1a\ud835\udc2d\ud835\udc28\u0301\ud835\udc2b\ud835\udc22\ud835\udc28 \ud835\udc2c\ud835\udc28\ud835\udc1b\ud835\udc2b\ud835\udc1e \ud835\udc00\ud835\udc2b\ud835\udc2d\ud835\udc1e\ud835\udc2c \ud835\udc0c\ud835\udc1a\ud835\udc2b\ud835\udc1c\ud835\udc22\ud835\udc1a\ud835\udc22\ud835\udc2c \ud835\udc1e \ud835\udc11\ud835\udc22\ud835\udc2d\ud835\udc2e\ud835\udc1a\ud835\udc22\ud835\udc2c."},"content":{"rendered":"<div class=\"x11i5rnm xat24cr x1mh8g0r x1vvkbs xtlvy1s x126k92a\">\n<div dir=\"auto\">\n<div class=\"x11i5rnm xat24cr x1mh8g0r x1vvkbs xtlvy1s x126k92a\">\n<div dir=\"auto\">\ud835\udc03\ud835\udc22\ud835\udc25\ud835\udc22,\ud835\udfcf\ud835\udfd4\/\ud835\udfce\ud835\udfd2\/\ud835\udfd0\ud835\udfce\ud835\udfd0\ud835\udfd2: O Vice-Primeiro-Ministro, Ministro Coordenador dos Assuntos Sociais, Ministro do Desenvolvimento Rural e Habita\u00e7\u00e3o Comunit\u00e1ria, Eng. Mariano ASSANAMI Sabino, esteve presente na apresenta\u00e7\u00e3o do relat\u00f3rio da pesquisa sobre as Artes Marciais e Rituais, elaborado pela ONG Belun e parceiros, na Sala CNE, em Kolmera.<\/div>\n<\/div>\n<div class=\"x11i5rnm xat24cr x1mh8g0r x1vvkbs xtlvy1s x126k92a\">\n<div dir=\"auto\">Na sua interven\u00e7\u00e3o, o Vice-Primeiro-Ministro agradeceu \u00e0 ONG Belun demais parceiros por elaborarem esta pesquisa e relat\u00f3rio, pois os dados ajudam muito o governo a tomar medidas relativas ao tema, tendo sempre como objetivo o melhor para a juventude de Timor-Leste.<\/div>\n<\/div>\n<div class=\"x11i5rnm xat24cr x1mh8g0r x1vvkbs xtlvy1s x126k92a\">\n<div dir=\"auto\">&#8220;Falar sobre artes marciais e rituais \u00e9 falar sobre jovens, ent\u00e3o esta pesquisa, este relat\u00f3rio, \u00e9 uma importante ferramenta de trabalho para que o governo possa definir as suas decis\u00f5es pol\u00edticas com base nos dados dispon\u00edveis. O governo, atrav\u00e9s do KRAM, est\u00e1 a desenvolver esfor\u00e7os para fazer um levantamento total dos grupos e regist\u00e1-los, para que, em conjuga\u00e7\u00e3o com todos os dados dispon\u00edveis, poder definir as artes marciais como uma modalidade desportiva. \u00c9 esse o objetivo&#8221;, disse o Vice-Primeiro Ministro.<\/div>\n<\/div>\n<div class=\"x11i5rnm xat24cr x1mh8g0r x1vvkbs xtlvy1s x126k92a\">\n<div dir=\"auto\">Atualmente, o governo suspendeu as atividades de artes marciais e rituais com o objetivo de registar seus membros e avaliar o desempenho deles, e ap\u00f3s a conclus\u00e3o do KRAM, apresentar\u00e1 seu relat\u00f3rio ao Conselho de Ministros para tomar uma decis\u00e3o.<\/div>\n<div dir=\"auto\">Os jovens envolvidos nesses grupos precisam de disciplina, garantia de paz e estabilidade, respeito \u00e0 liberdade de movimento dos outros, n\u00e3o considerando prejudicar os outros e n\u00e3o tirar a vida de outros.<\/div>\n<\/div>\n<div class=\"x11i5rnm xat24cr x1mh8g0r x1vvkbs xtlvy1s x126k92a\">\n<div dir=\"auto\">\u201cDurante a luta pela liberta\u00e7\u00e3o nacional, muitos jovens envolvidos em organiza\u00e7\u00f5es de Artes Marciais e Rituais clandestinos contribu\u00edram para a liberta\u00e7\u00e3o de nossa p\u00e1tria, por isso, os jovens de hoje precisam assumir a responsabilidade no seu tempo ou na sua gera\u00e7\u00e3o e assim contribu\u00edrem para a liberta\u00e7\u00e3o do povo, tornando-se os her\u00f3is de hoje e do futuro para Timor-Leste\u201d , lembrou o governante.<\/div>\n<\/div>\n<div class=\"x11i5rnm xat24cr x1mh8g0r x1vvkbs xtlvy1s x126k92a\">\n<div dir=\"auto\">\u201cCada um precisa se preparar em tr\u00eas dimens\u00f5es: f\u00edsica, espiritual e mental, para se tornar uma pessoa energ\u00e9tica, respeitosa e resiliente, assim, em todas essas dimens\u00f5es, os jovens moldar\u00e3o seu car\u00e1ter para se tornarem pessoas \u00fateis para a sociedade\u201d, concluiu o Vice-Primeiro-Ministro.<\/div>\n<\/div>\n<div class=\"x11i5rnm xat24cr x1mh8g0r x1vvkbs xtlvy1s x126k92a\">\n<div dir=\"auto\">A participa\u00e7\u00e3o neste lan\u00e7amento foi realizada pela ONG Belun e pelos seus parceiros, representantes do Grupo de Artes Marciais e Rituais, Organiza\u00e7\u00f5es da Sociedade Civil entre outros.<\/div>\n<\/div>\n<div class=\"x11i5rnm xat24cr x1mh8g0r x1vvkbs xtlvy1s x126k92a\">\n<div dir=\"auto\">\ud835\udc0c\ud835\udc1e\ud835\udc1d\ud835\udc22\ud835\udc1a \ud835\udc15\ud835\udc0f\ud835\udc0c-\ud835\udc0c\ud835\udc02\ud835\udc00\ud835\udc12-\ud835\udc0c\ud835\udc03\ud835\udc11\ud835\udc07\ud835\udc02<\/div>\n<\/div>\n<\/div>\n<\/div>\n","protected":false},"excerpt":{"rendered":"<p>\ud835\udc03\ud835\udc22\ud835\udc25\ud835\udc22,\ud835\udfcf\ud835\udfd4\/\ud835\udfce\ud835\udfd2\/\ud835\udfd0\ud835\udfce\ud835\udfd0\ud835\udfd2: O Vice-Primeiro-Ministro, Ministro Coordenador dos Assuntos Sociais, Ministro do Desenvolvimento Rural e Habita\u00e7\u00e3o Comunit\u00e1ria, Eng. Mariano ASSANAMI Sabino, esteve presente na apresenta\u00e7\u00e3o do relat\u00f3rio da pesquisa sobre as Artes Marciais e Rituais, elaborado pela ONG Belun e parceiros, na Sala CNE, em Kolmera. Na sua interven\u00e7\u00e3o, o Vice-Primeiro-Ministro agradeceu \u00e0 ONG Belun demais parceiros [&hellip;]<\/p>\n","protected":false},"author":1,"featured_media":4206,"comment_status":"open","ping_status":"open","sticky":false,"template":"","format":"standard","meta":{"_FSMCFIC_featured_image_caption":"","_FSMCFIC_featured_image_nocaption":"","_FSMCFIC_featured_image_hide":"","footnotes":""},"categories":[78,97],"tags":[],"class_list":["post-4205","post","type-post","status-publish","format-standard","has-post-thumbnail","hentry","category-bs-mcas","category-bs-vpm-ii"],"_links":{"self":[{"href":"https:\/\/mdrhc.gov.tl\/pt\/wp-json\/wp\/v2\/posts\/4205","targetHints":{"allow":["GET"]}}],"collection":[{"href":"https:\/\/mdrhc.gov.tl\/pt\/wp-json\/wp\/v2\/posts"}],"about":[{"href":"https:\/\/mdrhc.gov.tl\/pt\/wp-json\/wp\/v2\/types\/post"}],"author":[{"embeddable":true,"href":"https:\/\/mdrhc.gov.tl\/pt\/wp-json\/wp\/v2\/users\/1"}],"replies":[{"embeddable":true,"href":"https:\/\/mdrhc.gov.tl\/pt\/wp-json\/wp\/v2\/comments?post=4205"}],"version-history":[{"count":4,"href":"https:\/\/mdrhc.gov.tl\/pt\/wp-json\/wp\/v2\/posts\/4205\/revisions"}],"predecessor-version":[{"id":4208,"href":"https:\/\/mdrhc.gov.tl\/pt\/wp-json\/wp\/v2\/posts\/4205\/revisions\/4208"}],"wp:featuredmedia":[{"embeddable":true,"href":"https:\/\/mdrhc.gov.tl\/pt\/wp-json\/wp\/v2\/media\/4206"}],"wp:attachment":[{"href":"https:\/\/mdrhc.gov.tl\/pt\/wp-json\/wp\/v2\/media?parent=4205"}],"wp:term":[{"taxonomy":"category","embeddable":true,"href":"https:\/\/mdrhc.gov.tl\/pt\/wp-json\/wp\/v2\/categories?post=4205"},{"taxonomy":"post_tag","embeddable":true,"href":"https:\/\/mdrhc.gov.tl\/pt\/wp-json\/wp\/v2\/tags?post=4205"}],"curies":[{"name":"wp","href":"https:\/\/api.w.org\/{rel}","templated":true}]}}