{"id":4220,"date":"2024-04-15T07:28:31","date_gmt":"2024-04-15T07:28:31","guid":{"rendered":"https:\/\/mdrhc.gov.tl\/tl\/?p=4220"},"modified":"2024-05-07T07:40:04","modified_gmt":"2024-05-07T07:40:04","slug":"%f0%9d%90%95%f0%9d%90%a2%f0%9d%90%ac%f0%9d%90%9e-%f0%9d%90%8f%f0%9d%90%ab%f0%9d%90%a2%f0%9d%90%a6%f0%9d%90%9e%f0%9d%90%a2%f0%9d%90%ab%f0%9d%90%ae-%f0%9d%90%8c%f0%9d%90%a2%f0%9d%90%a7%f0%9d%90%a2-49","status":"publish","type":"post","link":"https:\/\/mdrhc.gov.tl\/pt\/2024\/04\/15\/%f0%9d%90%95%f0%9d%90%a2%f0%9d%90%ac%f0%9d%90%9e-%f0%9d%90%8f%f0%9d%90%ab%f0%9d%90%a2%f0%9d%90%a6%f0%9d%90%9e%f0%9d%90%a2%f0%9d%90%ab%f0%9d%90%ae-%f0%9d%90%8c%f0%9d%90%a2%f0%9d%90%a7%f0%9d%90%a2-49\/","title":{"rendered":"\ud835\udc15\ud835\udc22\ud835\udc1c\ud835\udc1e-\ud835\udc0f\ud835\udc2b\ud835\udc22\ud835\udc26\ud835\udc1e\ud835\udc22\ud835\udc2b\ud835\udc28 \ud835\udc0c\ud835\udc22\ud835\udc27\ud835\udc22\ud835\udc2c\ud835\udc2d\ud835\udc2b\ud835\udc28 \ud835\udc1e\ud835\udc26 \ud835\udc2b\ud835\udc1e\ud835\udc2e\ud835\udc27\ud835\udc22\ud835\udc1a\u0303\ud835\udc28 \ud835\udc2b\ud835\udc1e\ud835\udc20\ud835\udc2e\ud835\udc25\ud835\udc1a\ud835\udc2b \ud835\udc1c\ud835\udc28\ud835\udc26 \ud835\udc0c\ud835\udc22\ud835\udc27\ud835\udc22\ud835\udc2c\ud835\udc2d\ud835\udc2b\ud835\udc1a \ud835\udc1d\ud835\udc1a \ud835\udc04\ud835\udc1d\ud835\udc2e\ud835\udc1c\ud835\udc1a\ud835\udc1c\u0327\ud835\udc1a\u0303\ud835\udc28"},"content":{"rendered":"<div class=\"x11i5rnm xat24cr x1mh8g0r x1vvkbs xtlvy1s x126k92a\">\n<div dir=\"auto\">\n<div class=\"x11i5rnm xat24cr x1mh8g0r x1vvkbs xtlvy1s x126k92a\">\n<div dir=\"auto\">\ud835\udc03\ud835\udc22\ud835\udc25\ud835\udc22,\ud835\udfcf\ud835\udfd3\/\ud835\udfce\ud835\udfd2\/\ud835\udfd0\ud835\udfce\ud835\udfd0\ud835\udfd2: O Vice-Primeiro Ministro (VPM), Ministro Coordenador dos Assuntos Sociais (MCAS), Eng. Mariano ASSANAMI Sabino, realizou a habitual reuni\u00e3o regular com a Ministra da Educa\u00e7\u00e3o, Dulce de Jesus.<\/div>\n<\/div>\n<div class=\"x11i5rnm xat24cr x1mh8g0r x1vvkbs xtlvy1s x126k92a\">\n<div dir=\"auto\">Estes habituais encontros entre o Vice-Primeiro Ministro, Ministro Coordenador dos Assuntos Sociais, e os minist\u00e9rios relevantes s\u00e3o realizadas mensalmente para o informarem sobre a evolu\u00e7\u00e3o e progresso dos trabalhos ministeriais e transmitir orienta\u00e7\u00f5es de acordo com a pol\u00edtica do IX Governo Constitucional.<\/div>\n<\/div>\n<div class=\"x11i5rnm xat24cr x1mh8g0r x1vvkbs xtlvy1s x126k92a\">\n<div dir=\"auto\">A Ministra da Educa\u00e7\u00e3o, Dulce de Jesus, disse que a reuni\u00e3o com o Vice-Primeiro Ministro \u00e9 regular e tem como objetivo informar o VPM\/MCAS, sobre e desafios enfrentados e sobre os progressos do trabalho desenvolvido pelo Minist\u00e9rio da Educa\u00e7\u00e3o.<\/div>\n<\/div>\n<div class=\"x11i5rnm xat24cr x1mh8g0r x1vvkbs xtlvy1s x126k92a\">\n<div dir=\"auto\">&#8220;Hoje, nesta reuni\u00e3o regular, falamos sobre o programa de desenvolvimento da educa\u00e7\u00e3o infantil prim\u00e1ria, um trabalho interministerial integrado supervisionado pelo Vice-Primeiro Ministro, e em breve vamos apresentar este programa ao Conselho de Ministros para obter aprova\u00e7\u00e3o&#8221;, disse a Ministra da Educa\u00e7\u00e3o.<\/div>\n<\/div>\n<div class=\"x11i5rnm xat24cr x1mh8g0r x1vvkbs xtlvy1s x126k92a\">\n<div dir=\"auto\">Este programa precisa de aprova\u00e7\u00e3o para que haja um trabalho integrado e para que todos os minist\u00e9rios trabalhem em conjunto com o objetivo de monitorizarem o desenvolvimento da educa\u00e7\u00e3o prim\u00e1ria infantil. A t\u00edtulo de exemplo, as crian\u00e7as dos tr\u00eas anos aos oito anos de idade s\u00e3o responsabilidade do Minist\u00e9rio da Educa\u00e7\u00e3o, mas as crian\u00e7as de zero a tr\u00eas anos s\u00e3o responsabilidade do Minist\u00e9rio da Sa\u00fade, ent\u00e3o \u00e9 necess\u00e1rio uma equipe integrada no gabinete do Ministro Coordenador dos Assuntos Sociais.<\/div>\n<\/div>\n<\/div>\n<\/div>\n","protected":false},"excerpt":{"rendered":"<p>\ud835\udc03\ud835\udc22\ud835\udc25\ud835\udc22,\ud835\udfcf\ud835\udfd3\/\ud835\udfce\ud835\udfd2\/\ud835\udfd0\ud835\udfce\ud835\udfd0\ud835\udfd2: O Vice-Primeiro Ministro (VPM), Ministro Coordenador dos Assuntos Sociais (MCAS), Eng. Mariano ASSANAMI Sabino, realizou a habitual reuni\u00e3o regular com a Ministra da Educa\u00e7\u00e3o, Dulce de Jesus. Estes habituais encontros entre o Vice-Primeiro Ministro, Ministro Coordenador dos Assuntos Sociais, e os minist\u00e9rios relevantes s\u00e3o realizadas mensalmente para o informarem sobre a evolu\u00e7\u00e3o e progresso [&hellip;]<\/p>\n","protected":false},"author":1,"featured_media":4221,"comment_status":"open","ping_status":"open","sticky":false,"template":"","format":"standard","meta":{"_FSMCFIC_featured_image_caption":"","_FSMCFIC_featured_image_nocaption":"","_FSMCFIC_featured_image_hide":"","footnotes":""},"categories":[97],"tags":[],"class_list":["post-4220","post","type-post","status-publish","format-standard","has-post-thumbnail","hentry","category-bs-vpm-ii"],"_links":{"self":[{"href":"https:\/\/mdrhc.gov.tl\/pt\/wp-json\/wp\/v2\/posts\/4220","targetHints":{"allow":["GET"]}}],"collection":[{"href":"https:\/\/mdrhc.gov.tl\/pt\/wp-json\/wp\/v2\/posts"}],"about":[{"href":"https:\/\/mdrhc.gov.tl\/pt\/wp-json\/wp\/v2\/types\/post"}],"author":[{"embeddable":true,"href":"https:\/\/mdrhc.gov.tl\/pt\/wp-json\/wp\/v2\/users\/1"}],"replies":[{"embeddable":true,"href":"https:\/\/mdrhc.gov.tl\/pt\/wp-json\/wp\/v2\/comments?post=4220"}],"version-history":[{"count":4,"href":"https:\/\/mdrhc.gov.tl\/pt\/wp-json\/wp\/v2\/posts\/4220\/revisions"}],"predecessor-version":[{"id":4225,"href":"https:\/\/mdrhc.gov.tl\/pt\/wp-json\/wp\/v2\/posts\/4220\/revisions\/4225"}],"wp:featuredmedia":[{"embeddable":true,"href":"https:\/\/mdrhc.gov.tl\/pt\/wp-json\/wp\/v2\/media\/4221"}],"wp:attachment":[{"href":"https:\/\/mdrhc.gov.tl\/pt\/wp-json\/wp\/v2\/media?parent=4220"}],"wp:term":[{"taxonomy":"category","embeddable":true,"href":"https:\/\/mdrhc.gov.tl\/pt\/wp-json\/wp\/v2\/categories?post=4220"},{"taxonomy":"post_tag","embeddable":true,"href":"https:\/\/mdrhc.gov.tl\/pt\/wp-json\/wp\/v2\/tags?post=4220"}],"curies":[{"name":"wp","href":"https:\/\/api.w.org\/{rel}","templated":true}]}}