{"id":4146,"date":"2024-04-25T01:15:17","date_gmt":"2024-04-25T01:15:17","guid":{"rendered":"https:\/\/mdrhc.gov.tl\/tl\/?p=4146"},"modified":"2024-05-02T01:37:45","modified_gmt":"2024-05-02T01:37:45","slug":"%f0%9d%90%95%f0%9d%90%a2%f0%9d%90%ac%f0%9d%90%9e-%f0%9d%90%8f%f0%9d%90%8c-%f0%9d%90%8a%f0%9d%90%a8%f0%9d%90%a7%f0%9d%90%a0%f0%9d%90%ab%f0%9d%90%9a%f0%9d%90%ad%f0%9d%90%ae%f0%9d%90%a5%f0%9d%90%9a","status":"publish","type":"post","link":"https:\/\/mdrhc.gov.tl\/tl\/2024\/04\/25\/%f0%9d%90%95%f0%9d%90%a2%f0%9d%90%ac%f0%9d%90%9e-%f0%9d%90%8f%f0%9d%90%8c-%f0%9d%90%8a%f0%9d%90%a8%f0%9d%90%a7%f0%9d%90%a0%f0%9d%90%ab%f0%9d%90%9a%f0%9d%90%ad%f0%9d%90%ae%f0%9d%90%a5%f0%9d%90%9a\/","title":{"rendered":"\ud835\udc15\ud835\udc22\ud835\udc2c\ud835\udc1e-\ud835\udc0f\ud835\udc0c \ud835\udc0a\ud835\udc28\ud835\udc27\ud835\udc20\ud835\udc2b\ud835\udc1a\ud835\udc2d\ud835\udc2e\ud835\udc25\ud835\udc1a \ud835\udc01\ud835\udc28\ud835\udc26\ud835\udc1b\ud835\udc1e\ud835\udc22\ud835\udc2b\ud835\udc2e\ud835\udc2c \ud835\udc0d\ud835\udc1e\u2019\ud835\udc1e\ud835\udc1b\ud835\udc1e\u0301 \ud835\udc12\ud835\udc1e\ud835\udc25\ud835\udc1e\ud835\udc1b\ud835\udc2b\ud835\udc1a \ud835\udc00\ud835\udc27\ud835\udc22\ud835\udc2f\ud835\udc1e\ud835\udc2b\ud835\udc2c\ud835\udc1a\ud835\udc2b\ud835\udc22\ud835\udc2e \ud835\udc01\ud835\udc1a \ud835\udc1d\ud835\udc1a\ud835\udc25\ud835\udc1a \ud835\udfd0\ud835\udfd2"},"content":{"rendered":"<div class=\"x11i5rnm xat24cr x1mh8g0r x1vvkbs xtlvy1s x126k92a\">\n<div dir=\"auto\">\ud835\udc03\ud835\udc22\ud835\udc25\ud835\udc22,\ud835\udfd0\ud835\udfd3\/\ud835\udfce\ud835\udfd2\/\ud835\udfd0\ud835\udfce\ud835\udfd0\ud835\udfd2: Vice-Primeiro Ministro, Ministro Cordenador dos Assuntos Sociais, Ministro do Desenvolvimento Rural e Habita\u00e7\u00e3o Comunit\u00e1ria Eng. Mariano ASSANAMI Sabino, hato\u2019o nia kongratulasaun ba Bombeirus ne\u2019eb\u00e9 selebra anivers\u00e1riu ba dala 24.<\/div>\n<\/div>\n<div class=\"x11i5rnm xat24cr x1mh8g0r x1vvkbs xtlvy1s x126k92a\">\n<div dir=\"auto\">Iha Serimonia ne\u2019e, Vise-Primeiru Ministru, Bombeirus ohin ejiste tinan 24 ona hodi serv\u00ed povu ida ne\u2019e, maib\u00e9 husu atu Ministru Interior, Sr. Francisco Gutteres, no Sekret\u00e1riu Estadu Protesaun Sivil Sr. Domingos Mariano Reis, kontinua tau atensaun hodi profesionaliza liutan instituisaun importante ne\u2019e.<\/div>\n<\/div>\n<div class=\"x11i5rnm xat24cr x1mh8g0r x1vvkbs xtlvy1s x126k92a\">\n<div dir=\"auto\">\u201cBa Ministru no Sekretariu Estadu ha\u2019u husu atu reforsa liutan instituisaun ne\u2019e sai forte liuta hodi halo protesaun ba dezastre sira ne\u2019eb\u00e9 akontese iha Tasi laran, Rai Maran,\u201d dehan VPM, iha Kaikoli.<\/div>\n<\/div>\n<div class=\"x11i5rnm xat24cr x1mh8g0r x1vvkbs xtlvy1s x126k92a\">\n<div dir=\"auto\">Ba pesoal ida-idak ne\u2019eb\u00e9 sai ona membru ne\u2019e tanba vokasaun, husu atu komunga prinsipiu no misaun Bombeirus nian ne\u2019eb\u00e9 hanoin salva ema husi dezastre sira.<\/div>\n<\/div>\n<div class=\"x11i5rnm xat24cr x1mh8g0r x1vvkbs xtlvy1s x126k92a\">\n<div dir=\"auto\">Atu haforsa liutan instituisaun ida ne\u2019e mak husu atu rekruta tan membru jerasaun foun sira, no f\u00f3 formasaun ba sira atu hametin liutan instituisaun ne\u2019e ba futuru.<\/div>\n<\/div>\n<div class=\"x11i5rnm xat24cr x1mh8g0r x1vvkbs xtlvy1s x126k92a\">\n<div dir=\"auto\">Lori Maun Boot, Primeiru Ministru nia naran hato\u2019o parabens ba membru Bombeirus tomak, kontinu servisu ho responsabilidade, hodi servi estadu no povu ida ne\u2019e ho fuan ho laran.<\/div>\n<\/div>\n<div class=\"x11i5rnm xat24cr x1mh8g0r x1vvkbs xtlvy1s x126k92a\">\n<div dir=\"auto\">Partisipa iha serimonia ne\u2019e, mai Ministru Interior, Sekretariu Estadu Floresta Sr. Fernandinho Vieira, Sekretariu Estadu Assuntu Toponomia Organizasaun Urbana, Sr. Germano Santa Brites Dias, Brigadeiro Jeneral, Jo\u00e3o Miranda \u201cAluc Descartes\u201d Segundu Komandante PNTL, Komisariu Polisia, Pedro Belo, Korpu Diplomatiku, Membru Bombeirus husi munisipiu 13 inklui RAEOA no partisipante.<\/div>\n<\/div>\n<div class=\"x11i5rnm xat24cr x1mh8g0r x1vvkbs xtlvy1s x126k92a\">\n<div dir=\"auto\">\ud835\udc0c\ud835\udc1e\ud835\udc1d\ud835\udc22\ud835\udc1a \ud835\udc15\ud835\udc0f\ud835\udc0c-\ud835\udc0c\ud835\udc02\ud835\udc00\ud835\udc12-\ud835\udc0c\ud835\udc03\ud835\udc11\ud835\udc07\ud835\udc02<\/div>\n<\/div>\n","protected":false},"excerpt":{"rendered":"<p>\ud835\udc03\ud835\udc22\ud835\udc25\ud835\udc22,\ud835\udfd0\ud835\udfd3\/\ud835\udfce\ud835\udfd2\/\ud835\udfd0\ud835\udfce\ud835\udfd0\ud835\udfd2: Vice-Primeiro Ministro, Ministro Cordenador dos Assuntos Sociais, Ministro do Desenvolvimento Rural e Habita\u00e7\u00e3o Comunit\u00e1ria Eng. Mariano ASSANAMI Sabino, hato\u2019o nia kongratulasaun ba Bombeirus ne\u2019eb\u00e9 selebra anivers\u00e1riu ba dala 24. Iha Serimonia ne\u2019e, Vise-Primeiru Ministru, Bombeirus ohin ejiste tinan 24 ona hodi serv\u00ed povu ida ne\u2019e, maib\u00e9 husu atu Ministru Interior, Sr. Francisco Gutteres, no [&hellip;]<\/p>\n","protected":false},"author":1,"featured_media":4147,"comment_status":"open","ping_status":"open","sticky":false,"template":"","format":"standard","meta":{"_FSMCFIC_featured_image_caption":"","_FSMCFIC_featured_image_nocaption":"","_FSMCFIC_featured_image_hide":"","footnotes":""},"categories":[97],"tags":[],"class_list":["post-4146","post","type-post","status-publish","format-standard","has-post-thumbnail","hentry","category-bs-vpm-ii"],"_links":{"self":[{"href":"https:\/\/mdrhc.gov.tl\/tl\/wp-json\/wp\/v2\/posts\/4146","targetHints":{"allow":["GET"]}}],"collection":[{"href":"https:\/\/mdrhc.gov.tl\/tl\/wp-json\/wp\/v2\/posts"}],"about":[{"href":"https:\/\/mdrhc.gov.tl\/tl\/wp-json\/wp\/v2\/types\/post"}],"author":[{"embeddable":true,"href":"https:\/\/mdrhc.gov.tl\/tl\/wp-json\/wp\/v2\/users\/1"}],"replies":[{"embeddable":true,"href":"https:\/\/mdrhc.gov.tl\/tl\/wp-json\/wp\/v2\/comments?post=4146"}],"version-history":[{"count":7,"href":"https:\/\/mdrhc.gov.tl\/tl\/wp-json\/wp\/v2\/posts\/4146\/revisions"}],"predecessor-version":[{"id":4152,"href":"https:\/\/mdrhc.gov.tl\/tl\/wp-json\/wp\/v2\/posts\/4146\/revisions\/4152"}],"wp:featuredmedia":[{"embeddable":true,"href":"https:\/\/mdrhc.gov.tl\/tl\/wp-json\/wp\/v2\/media\/4147"}],"wp:attachment":[{"href":"https:\/\/mdrhc.gov.tl\/tl\/wp-json\/wp\/v2\/media?parent=4146"}],"wp:term":[{"taxonomy":"category","embeddable":true,"href":"https:\/\/mdrhc.gov.tl\/tl\/wp-json\/wp\/v2\/categories?post=4146"},{"taxonomy":"post_tag","embeddable":true,"href":"https:\/\/mdrhc.gov.tl\/tl\/wp-json\/wp\/v2\/tags?post=4146"}],"curies":[{"name":"wp","href":"https:\/\/api.w.org\/{rel}","templated":true}]}}